{"id":461,"date":"2017-04-12T22:19:58","date_gmt":"2017-04-12T20:19:58","guid":{"rendered":"http:\/\/tram-werkstatt.de\/?p=461"},"modified":"2017-04-13T21:46:00","modified_gmt":"2017-04-13T19:46:00","slug":"das-kind-hat-wieder-einen-namen","status":"publish","type":"post","link":"http:\/\/tram-werkstatt.de\/?p=461","title":{"rendered":"Das Kind hat (wieder) einen Namen"},"content":{"rendered":"<p>In den letzten Tagen wurde am Triebwagen 227 die Au\u00dfenbeschriftung aufgebracht. Damit hat unser &#8222;Baby&#8220; auch wieder einen Namen. Im Zusammenarbeit mit dem F\u00f6rderverein Strassenbahn Hannover e. V. und der Firma Gr\u00e4hlert\u00a0 <a href=\"https:\/\/www.graehlert-schilder-hannover.de\/\">www.graehlert-schilder-hannover.de<\/a>\u00a0 in Hannover wurden die Wagennummern und die \u00dcSTRA-Schriftz\u00fcge originalgetreu erstellt. Weitere Beschriftungen f\u00fcr innen und au\u00dfen sind noch in Arbeit.<\/p>\n<p><img loading=\"lazy\" decoding=\"async\" class=\"aligncenter size-large wp-image-462\" src=\"http:\/\/tram-werkstatt.de\/wp-content\/uploads\/2017\/04\/DSC_2652-1024x678.jpg\" alt=\"\" width=\"720\" height=\"477\" srcset=\"http:\/\/tram-werkstatt.de\/wp-content\/uploads\/2017\/04\/DSC_2652-1024x678.jpg 1024w, http:\/\/tram-werkstatt.de\/wp-content\/uploads\/2017\/04\/DSC_2652-300x199.jpg 300w, http:\/\/tram-werkstatt.de\/wp-content\/uploads\/2017\/04\/DSC_2652-768x509.jpg 768w\" sizes=\"auto, (max-width: 720px) 100vw, 720px\" \/><\/p>\n<p>Bis auf eine Ausnahme sind auch alle Scheiben wieder eingesetzt und der Wagen somit komplett verglast.Die letzte Scheibe musste noch einmal neu angefertigt werden und wird in den n\u00e4chsten Tagen eingebaut.<\/p>\n<p><img loading=\"lazy\" decoding=\"async\" class=\"aligncenter size-large wp-image-470\" src=\"http:\/\/tram-werkstatt.de\/wp-content\/uploads\/2017\/04\/Tw227_DH_0417_9-1-1024x683.jpeg\" alt=\"\" width=\"720\" height=\"480\" srcset=\"http:\/\/tram-werkstatt.de\/wp-content\/uploads\/2017\/04\/Tw227_DH_0417_9-1-1024x683.jpeg 1024w, http:\/\/tram-werkstatt.de\/wp-content\/uploads\/2017\/04\/Tw227_DH_0417_9-1-300x200.jpeg 300w, http:\/\/tram-werkstatt.de\/wp-content\/uploads\/2017\/04\/Tw227_DH_0417_9-1-768x512.jpeg 768w\" sizes=\"auto, (max-width: 720px) 100vw, 720px\" \/><\/p>\n<p>Nach dem Einsetzen der Seitenscheiben mussten die Holzrahmen innen eingeschraubt werden. Hier sind Marcus und Johannes mit Eifer bei der Sache.<\/p>\n<p><img loading=\"lazy\" decoding=\"async\" class=\"aligncenter size-large wp-image-463\" src=\"http:\/\/tram-werkstatt.de\/wp-content\/uploads\/2017\/04\/DSC_2654-1024x678.jpg\" alt=\"\" width=\"720\" height=\"477\" srcset=\"http:\/\/tram-werkstatt.de\/wp-content\/uploads\/2017\/04\/DSC_2654-1024x678.jpg 1024w, http:\/\/tram-werkstatt.de\/wp-content\/uploads\/2017\/04\/DSC_2654-300x199.jpg 300w, http:\/\/tram-werkstatt.de\/wp-content\/uploads\/2017\/04\/DSC_2654-768x509.jpg 768w\" sizes=\"auto, (max-width: 720px) 100vw, 720px\" \/><\/p>\n<p>Das fertige Ergebnis: Seitenscheiben eingebaut und die aufgearbeitete Seitenverkleidung fertig montiert. Hier fehlen lediglich noch einige Abdeckleisten.<\/p>\n<p><img loading=\"lazy\" decoding=\"async\" class=\"aligncenter size-large wp-image-464\" src=\"http:\/\/tram-werkstatt.de\/wp-content\/uploads\/2017\/04\/DSC_2655-1024x678.jpg\" alt=\"\" width=\"720\" height=\"477\" srcset=\"http:\/\/tram-werkstatt.de\/wp-content\/uploads\/2017\/04\/DSC_2655-1024x678.jpg 1024w, http:\/\/tram-werkstatt.de\/wp-content\/uploads\/2017\/04\/DSC_2655-300x199.jpg 300w, http:\/\/tram-werkstatt.de\/wp-content\/uploads\/2017\/04\/DSC_2655-768x509.jpg 768w\" sizes=\"auto, (max-width: 720px) 100vw, 720px\" \/><\/p>\n<p>Die Elektroabteilung hat auch ganze Arbeit geleistet. Der Fahrerstand in hinsichtlich der Verkabelung fertig \u00fcberarbeitet. Im n\u00e4chsten Schritt wird die Schiebet\u00fcr eingebaut. Dann folgt Seitenwand f\u00fcr die T\u00fcrtasche und die restlichen Schr\u00e4nke f\u00fcr den Fahrerstand.<\/p>\n<p><img loading=\"lazy\" decoding=\"async\" class=\"aligncenter size-large wp-image-468\" src=\"http:\/\/tram-werkstatt.de\/wp-content\/uploads\/2017\/04\/Tw227_DH_0417_10-683x1024.jpeg\" alt=\"\" width=\"683\" height=\"1024\" srcset=\"http:\/\/tram-werkstatt.de\/wp-content\/uploads\/2017\/04\/Tw227_DH_0417_10-683x1024.jpeg 683w, http:\/\/tram-werkstatt.de\/wp-content\/uploads\/2017\/04\/Tw227_DH_0417_10-200x300.jpeg 200w, http:\/\/tram-werkstatt.de\/wp-content\/uploads\/2017\/04\/Tw227_DH_0417_10-768x1152.jpeg 768w\" sizes=\"auto, (max-width: 683px) 100vw, 683px\" \/><\/p>\n<p>Mit viel Fingerspitzengef\u00fchl wird von Sven ein Vorwiderstand f\u00fcr den Fahrerstand neu gewickelt.<\/p>\n<p><img loading=\"lazy\" decoding=\"async\" class=\"aligncenter size-large wp-image-466\" src=\"http:\/\/tram-werkstatt.de\/wp-content\/uploads\/2017\/04\/Tw227_DH_0417_8-1024x683.jpeg\" alt=\"\" width=\"720\" height=\"480\" srcset=\"http:\/\/tram-werkstatt.de\/wp-content\/uploads\/2017\/04\/Tw227_DH_0417_8-1024x683.jpeg 1024w, http:\/\/tram-werkstatt.de\/wp-content\/uploads\/2017\/04\/Tw227_DH_0417_8-300x200.jpeg 300w, http:\/\/tram-werkstatt.de\/wp-content\/uploads\/2017\/04\/Tw227_DH_0417_8-768x512.jpeg 768w\" sizes=\"auto, (max-width: 720px) 100vw, 720px\" \/><\/p>\n<p>Nun geht es dem Brose-Schalter f\u00fcr Fernlicht und den Fahrtrichtungsanzeiger an den Kragen. Auch dieser wird komplett zerlegt und aufgearbeitet. Da es sich hier um ein Standardteil handelt, ist die Ersatzteilversorgung durch das HSM-Lager gesichert.<\/p>\n<p><img loading=\"lazy\" decoding=\"async\" class=\"aligncenter size-large wp-image-469\" src=\"http:\/\/tram-werkstatt.de\/wp-content\/uploads\/2017\/04\/Tw227_RJ_0417_01-1024x768.jpeg\" alt=\"\" width=\"720\" height=\"540\" srcset=\"http:\/\/tram-werkstatt.de\/wp-content\/uploads\/2017\/04\/Tw227_RJ_0417_01-1024x768.jpeg 1024w, http:\/\/tram-werkstatt.de\/wp-content\/uploads\/2017\/04\/Tw227_RJ_0417_01-300x225.jpeg 300w, http:\/\/tram-werkstatt.de\/wp-content\/uploads\/2017\/04\/Tw227_RJ_0417_01-768x576.jpeg 768w\" sizes=\"auto, (max-width: 720px) 100vw, 720px\" \/><\/p>\n<p>Auch auf der Heckplattform wurde mittlerweile die aufgearbeitete Innenverkleidung montiert. Aus unserer Sicht ist Mischung zwischen Alt- und Neumaterial ganz gut gelungen.<\/p>\n<p><img loading=\"lazy\" decoding=\"async\" class=\"aligncenter size-large wp-image-465\" src=\"http:\/\/tram-werkstatt.de\/wp-content\/uploads\/2017\/04\/IMG_0460-1024x768.jpg\" alt=\"\" width=\"720\" height=\"540\" srcset=\"http:\/\/tram-werkstatt.de\/wp-content\/uploads\/2017\/04\/IMG_0460-1024x768.jpg 1024w, http:\/\/tram-werkstatt.de\/wp-content\/uploads\/2017\/04\/IMG_0460-300x225.jpg 300w, http:\/\/tram-werkstatt.de\/wp-content\/uploads\/2017\/04\/IMG_0460-768x576.jpg 768w\" sizes=\"auto, (max-width: 720px) 100vw, 720px\" \/><\/p>\n<p>Und dann die H\u00e4nde zum Himmel oder besser zur Deckenplatte. Auf der Heckplattform wurden die beiden letzten Deckenplatten von Sven, Sondre und Ren\u00e9 montiert.<\/p>\n<p><img loading=\"lazy\" decoding=\"async\" class=\"aligncenter size-large wp-image-471\" src=\"http:\/\/tram-werkstatt.de\/wp-content\/uploads\/2017\/04\/DSC_2651-e1492027186626-678x1024.jpg\" alt=\"\" width=\"678\" height=\"1024\" srcset=\"http:\/\/tram-werkstatt.de\/wp-content\/uploads\/2017\/04\/DSC_2651-e1492027186626-678x1024.jpg 678w, http:\/\/tram-werkstatt.de\/wp-content\/uploads\/2017\/04\/DSC_2651-e1492027186626-199x300.jpg 199w, http:\/\/tram-werkstatt.de\/wp-content\/uploads\/2017\/04\/DSC_2651-e1492027186626-768x1160.jpg 768w\" sizes=\"auto, (max-width: 678px) 100vw, 678px\" \/><\/p>\n<p>Zum Abschluss noch ein Bild von hinten. Noch fehlen die Steckdosen, Bremskabel, Au\u00dfenglocke sowie Schlusslichter und das Bremslicht. Das Fenster f\u00fcr die Liniennummer ist wieder mit einer Milchglasscheibe versehen. Mit dem Umbau auf Einmalbetrieb wurde in der Regel immer mit Beiwagen gefahren, somit konnte auf eine Liniennummer am Heck des Triebwagens verzichtet werden.<\/p>\n<p>Fotos: Dietmar Heintz, Ren\u00e9 Jonzeck und Ingo Papenmeier<\/p>\n","protected":false},"excerpt":{"rendered":"<p>In den letzten Tagen wurde am Triebwagen 227 die Au\u00dfenbeschriftung aufgebracht. Damit hat unser &#8222;Baby&#8220; auch wieder einen Namen. Im Zusammenarbeit mit dem F\u00f6rderverein Strassenbahn Hannover e. V. und der Firma Gr\u00e4hlert\u00a0 www.graehlert-schilder-hannover.de\u00a0 in Hannover wurden die Wagennummern und die \u00dcSTRA-Schriftz\u00fcge originalgetreu erstellt. Weitere Beschriftungen f\u00fcr innen und au\u00dfen sind noch in Arbeit. Bis auf&hellip;<\/p>\n","protected":false},"author":1,"featured_media":462,"comment_status":"open","ping_status":"open","sticky":false,"template":"","format":"standard","meta":{"footnotes":""},"categories":[7,4],"tags":[],"class_list":["post-461","post","type-post","status-publish","format-standard","has-post-thumbnail","hentry","category-allgemeines","category-werkstatt"],"_links":{"self":[{"href":"http:\/\/tram-werkstatt.de\/index.php?rest_route=\/wp\/v2\/posts\/461","targetHints":{"allow":["GET"]}}],"collection":[{"href":"http:\/\/tram-werkstatt.de\/index.php?rest_route=\/wp\/v2\/posts"}],"about":[{"href":"http:\/\/tram-werkstatt.de\/index.php?rest_route=\/wp\/v2\/types\/post"}],"author":[{"embeddable":true,"href":"http:\/\/tram-werkstatt.de\/index.php?rest_route=\/wp\/v2\/users\/1"}],"replies":[{"embeddable":true,"href":"http:\/\/tram-werkstatt.de\/index.php?rest_route=%2Fwp%2Fv2%2Fcomments&post=461"}],"version-history":[{"count":4,"href":"http:\/\/tram-werkstatt.de\/index.php?rest_route=\/wp\/v2\/posts\/461\/revisions"}],"predecessor-version":[{"id":475,"href":"http:\/\/tram-werkstatt.de\/index.php?rest_route=\/wp\/v2\/posts\/461\/revisions\/475"}],"wp:featuredmedia":[{"embeddable":true,"href":"http:\/\/tram-werkstatt.de\/index.php?rest_route=\/wp\/v2\/media\/462"}],"wp:attachment":[{"href":"http:\/\/tram-werkstatt.de\/index.php?rest_route=%2Fwp%2Fv2%2Fmedia&parent=461"}],"wp:term":[{"taxonomy":"category","embeddable":true,"href":"http:\/\/tram-werkstatt.de\/index.php?rest_route=%2Fwp%2Fv2%2Fcategories&post=461"},{"taxonomy":"post_tag","embeddable":true,"href":"http:\/\/tram-werkstatt.de\/index.php?rest_route=%2Fwp%2Fv2%2Ftags&post=461"}],"curies":[{"name":"wp","href":"https:\/\/api.w.org\/{rel}","templated":true}]}}