{"id":520,"date":"2017-05-02T01:29:26","date_gmt":"2017-05-01T23:29:26","guid":{"rendered":"http:\/\/tram-werkstatt.de\/?p=520"},"modified":"2017-05-02T01:37:22","modified_gmt":"2017-05-01T23:37:22","slug":"tanz-in-den-mai","status":"publish","type":"post","link":"http:\/\/tram-werkstatt.de\/?p=520","title":{"rendered":"Tanz in den Mai"},"content":{"rendered":"<p>Das lange Wochenende wurde nat\u00fcrlich intensiv f\u00fcr die weiteren Arbeiten am Triebwagen 227 genutzt. Daher gibt es heute auch einen umfangreicheren \u00dcberblick \u00fcber unsere Aktivit\u00e4ten. Fangen wir mit dem Innenraum an:<\/p>\n<p><img loading=\"lazy\" decoding=\"async\" class=\"aligncenter size-large wp-image-510\" src=\"http:\/\/tram-werkstatt.de\/wp-content\/uploads\/2017\/05\/DSC_2780-1024x678.jpg\" alt=\"\" width=\"720\" height=\"477\" srcset=\"http:\/\/tram-werkstatt.de\/wp-content\/uploads\/2017\/05\/DSC_2780-1024x678.jpg 1024w, http:\/\/tram-werkstatt.de\/wp-content\/uploads\/2017\/05\/DSC_2780-300x199.jpg 300w, http:\/\/tram-werkstatt.de\/wp-content\/uploads\/2017\/05\/DSC_2780-768x509.jpg 768w\" sizes=\"auto, (max-width: 720px) 100vw, 720px\" \/><\/p>\n<p>Die Bestuhlung ist kompett eingebaut und auch die letzten Elemente der Innenverkleidung wurden an ihrem Platz angebracht. Die B\u00f6gen unter der Decke nahmen dabei etwas mehr Zeit in Anspruch, da f\u00fcr die neuen Platten erst Schablonen angefertigt werden mussten. Es fehlen noch Haltestangen unter der Decke und ein paar Kleinigkeiten.<\/p>\n<p><img loading=\"lazy\" decoding=\"async\" class=\"aligncenter size-large wp-image-512\" src=\"http:\/\/tram-werkstatt.de\/wp-content\/uploads\/2017\/05\/IMG_0496-e1493679070658-768x1024.jpg\" alt=\"\" width=\"720\" height=\"960\" srcset=\"http:\/\/tram-werkstatt.de\/wp-content\/uploads\/2017\/05\/IMG_0496-e1493679070658-768x1024.jpg 768w, http:\/\/tram-werkstatt.de\/wp-content\/uploads\/2017\/05\/IMG_0496-e1493679070658-225x300.jpg 225w\" sizes=\"auto, (max-width: 720px) 100vw, 720px\" \/><\/p>\n<p>Das Anschlie\u00dfen der Heizk\u00f6rper ist eine echte Fummelarbeit und erfordert Geduld und Fingerspitzengef\u00fchl. Der Boden der B-Plattform bedarf auch noch ein wenig Farbe.<\/p>\n<p><img loading=\"lazy\" decoding=\"async\" class=\"aligncenter size-large wp-image-511\" src=\"http:\/\/tram-werkstatt.de\/wp-content\/uploads\/2017\/05\/DSC_2781-1024x678.jpg\" alt=\"\" width=\"720\" height=\"477\" srcset=\"http:\/\/tram-werkstatt.de\/wp-content\/uploads\/2017\/05\/DSC_2781-1024x678.jpg 1024w, http:\/\/tram-werkstatt.de\/wp-content\/uploads\/2017\/05\/DSC_2781-300x199.jpg 300w, http:\/\/tram-werkstatt.de\/wp-content\/uploads\/2017\/05\/DSC_2781-768x509.jpg 768w\" sizes=\"auto, (max-width: 720px) 100vw, 720px\" \/><\/p>\n<p>Ein Blick in den Fahrerstand: Auch hier ist mittlerweile fast alles wieder an seinem Platz oder wurde neu angefertigt. Einige Innenverkleidungselemente m\u00fcssen noch montiert werden, wie z. B. die Frontplatte oder die Platte f\u00fcr Schaltrad und Fahrtwendehebel. Auch eine Schrankt\u00fcr muss noch erneuert werden. Zwar sind in unserem Lager etliche, aber keine passt.<\/p>\n<p><img loading=\"lazy\" decoding=\"async\" class=\"aligncenter size-large wp-image-508\" src=\"http:\/\/tram-werkstatt.de\/wp-content\/uploads\/2017\/05\/DSC_2767-1024x678.jpg\" alt=\"\" width=\"720\" height=\"477\" srcset=\"http:\/\/tram-werkstatt.de\/wp-content\/uploads\/2017\/05\/DSC_2767-1024x678.jpg 1024w, http:\/\/tram-werkstatt.de\/wp-content\/uploads\/2017\/05\/DSC_2767-300x199.jpg 300w, http:\/\/tram-werkstatt.de\/wp-content\/uploads\/2017\/05\/DSC_2767-768x509.jpg 768w\" sizes=\"auto, (max-width: 720px) 100vw, 720px\" \/><\/p>\n<p>Einbau der neuen Holztrittstufen. Die Metallrahmen wurden alle komplett nach altem Muster neu angefertigt, wie auch die Holzelemente.<\/p>\n<p><img loading=\"lazy\" decoding=\"async\" class=\"aligncenter size-large wp-image-509\" src=\"http:\/\/tram-werkstatt.de\/wp-content\/uploads\/2017\/05\/DSC_2779-1024x678.jpg\" alt=\"\" width=\"720\" height=\"477\" srcset=\"http:\/\/tram-werkstatt.de\/wp-content\/uploads\/2017\/05\/DSC_2779-1024x678.jpg 1024w, http:\/\/tram-werkstatt.de\/wp-content\/uploads\/2017\/05\/DSC_2779-300x199.jpg 300w, http:\/\/tram-werkstatt.de\/wp-content\/uploads\/2017\/05\/DSC_2779-768x509.jpg 768w\" sizes=\"auto, (max-width: 720px) 100vw, 720px\" \/><\/p>\n<p>Jetzt geht es auf das Dach &#8211; Montage der komplett \u00fcberholten Dachwiderst\u00e4nde. Gro\u00dfe Teile der Holzaufbauten auf dem Dach mussten auch neu angefertigt werden wie die Laufstege sowie die Holztr\u00e4ger f\u00fcr Stromabnehmer und Dachwiderst\u00e4nde.<\/p>\n<p><img loading=\"lazy\" decoding=\"async\" class=\"aligncenter size-large wp-image-513\" src=\"http:\/\/tram-werkstatt.de\/wp-content\/uploads\/2017\/05\/IMG_0508-e1493679428194-768x1024.jpg\" alt=\"\" width=\"720\" height=\"960\" srcset=\"http:\/\/tram-werkstatt.de\/wp-content\/uploads\/2017\/05\/IMG_0508-e1493679428194-768x1024.jpg 768w, http:\/\/tram-werkstatt.de\/wp-content\/uploads\/2017\/05\/IMG_0508-e1493679428194-225x300.jpg 225w\" sizes=\"auto, (max-width: 720px) 100vw, 720px\" \/><\/p>\n<p>Vier Mann, vier Ecken, damit auch wieder der Strom flie\u00dfen kann. Hier ist der zweite (erfolgreiche) Versuch f\u00fcr die Montage des Stromabnehmers zu sehen. Zuvor mussten die Aufnahmen f\u00fcr den Stromabnehmer noch einmal versetzt werden.<\/p>\n<p><img loading=\"lazy\" decoding=\"async\" class=\"aligncenter size-large wp-image-518\" src=\"http:\/\/tram-werkstatt.de\/wp-content\/uploads\/2017\/05\/IMG_0501-e1493678729973-768x1024.jpg\" alt=\"\" width=\"720\" height=\"960\" srcset=\"http:\/\/tram-werkstatt.de\/wp-content\/uploads\/2017\/05\/IMG_0501-e1493678729973-768x1024.jpg 768w, http:\/\/tram-werkstatt.de\/wp-content\/uploads\/2017\/05\/IMG_0501-e1493678729973-225x300.jpg 225w\" sizes=\"auto, (max-width: 720px) 100vw, 720px\" \/><\/p>\n<p>F\u00fcr ein langes Arbeitswochende ist die Versorgung von wichtiger Bedeutung. JoPe erfreute alle mit seinen Grillk\u00fcnsten auf der Ostseite der Werkstatt. Dort soll auch unsere neue Ausstellungs- und Werkstatthalle entstehen. Das Land Niedersachsen wird unser Projekt mit EU-Mitteln aus dem ZILE-Programm unterst\u00fctzen.<\/p>\n<p><img loading=\"lazy\" decoding=\"async\" class=\"aligncenter size-large wp-image-521\" src=\"http:\/\/tram-werkstatt.de\/wp-content\/uploads\/2017\/05\/DSC_2786-1024x678.jpg\" alt=\"\" width=\"720\" height=\"477\" srcset=\"http:\/\/tram-werkstatt.de\/wp-content\/uploads\/2017\/05\/DSC_2786-1024x678.jpg 1024w, http:\/\/tram-werkstatt.de\/wp-content\/uploads\/2017\/05\/DSC_2786-300x199.jpg 300w, http:\/\/tram-werkstatt.de\/wp-content\/uploads\/2017\/05\/DSC_2786-768x509.jpg 768w\" sizes=\"auto, (max-width: 720px) 100vw, 720px\" \/><\/p>\n<p>F\u00fcr die weiteren Arbeiten und den Endspurt muss unser Triebwagen 227 noch einmal umziehen. Nach sechs Monaten und einem Tag geht es von der Hauptwerkstatt in den Lokschuppen mit der Grube.<\/p>\n<p><img loading=\"lazy\" decoding=\"async\" class=\"aligncenter size-large wp-image-514\" src=\"http:\/\/tram-werkstatt.de\/wp-content\/uploads\/2017\/05\/DSC_2793-1024x678.jpg\" alt=\"\" width=\"720\" height=\"477\" srcset=\"http:\/\/tram-werkstatt.de\/wp-content\/uploads\/2017\/05\/DSC_2793-1024x678.jpg 1024w, http:\/\/tram-werkstatt.de\/wp-content\/uploads\/2017\/05\/DSC_2793-300x199.jpg 300w, http:\/\/tram-werkstatt.de\/wp-content\/uploads\/2017\/05\/DSC_2793-768x509.jpg 768w\" sizes=\"auto, (max-width: 720px) 100vw, 720px\" \/><\/p>\n<p>Die Rangieraktion im letzten Tageslicht wurde nat\u00fcrlich noch f\u00fcr einen Fototermin genutzt. Hier von der T\u00fcrseite.<\/p>\n<p><img loading=\"lazy\" decoding=\"async\" class=\"aligncenter size-large wp-image-515\" src=\"http:\/\/tram-werkstatt.de\/wp-content\/uploads\/2017\/05\/DSC_2796-1024x678.jpg\" alt=\"\" width=\"720\" height=\"477\" srcset=\"http:\/\/tram-werkstatt.de\/wp-content\/uploads\/2017\/05\/DSC_2796-1024x678.jpg 1024w, http:\/\/tram-werkstatt.de\/wp-content\/uploads\/2017\/05\/DSC_2796-300x199.jpg 300w, http:\/\/tram-werkstatt.de\/wp-content\/uploads\/2017\/05\/DSC_2796-768x509.jpg 768w\" sizes=\"auto, (max-width: 720px) 100vw, 720px\" \/><\/p>\n<p>Und noch einmal von der anderen Seite.<\/p>\n<p><img loading=\"lazy\" decoding=\"async\" class=\"aligncenter size-large wp-image-516\" src=\"http:\/\/tram-werkstatt.de\/wp-content\/uploads\/2017\/05\/DSC_2806-1024x678.jpg\" alt=\"\" width=\"720\" height=\"477\" srcset=\"http:\/\/tram-werkstatt.de\/wp-content\/uploads\/2017\/05\/DSC_2806-1024x678.jpg 1024w, http:\/\/tram-werkstatt.de\/wp-content\/uploads\/2017\/05\/DSC_2806-300x199.jpg 300w, http:\/\/tram-werkstatt.de\/wp-content\/uploads\/2017\/05\/DSC_2806-768x509.jpg 768w\" sizes=\"auto, (max-width: 720px) 100vw, 720px\" \/><\/p>\n<p>Dann noch eine kleine Parade mit zwei anderen hannoverschen Triebwagen. Wagen 181 dient als Rangierwagen und der Triebwagen 236 hat sich f\u00fcr das Ereignis passend positioniert.<\/p>\n<p><img loading=\"lazy\" decoding=\"async\" class=\"aligncenter size-large wp-image-519\" src=\"http:\/\/tram-werkstatt.de\/wp-content\/uploads\/2017\/05\/DSC_2808-e1493678699352-678x1024.jpg\" alt=\"\" width=\"678\" height=\"1024\" srcset=\"http:\/\/tram-werkstatt.de\/wp-content\/uploads\/2017\/05\/DSC_2808-e1493678699352-678x1024.jpg 678w, http:\/\/tram-werkstatt.de\/wp-content\/uploads\/2017\/05\/DSC_2808-e1493678699352-199x300.jpg 199w, http:\/\/tram-werkstatt.de\/wp-content\/uploads\/2017\/05\/DSC_2808-e1493678699352-768x1160.jpg 768w\" sizes=\"auto, (max-width: 678px) 100vw, 678px\" \/><\/p>\n<p>Angekommen! Hier geht es dann mit den Arbeiten in den n\u00e4chsten Tagen weiter und wir hoffen das der Triebwagen 227 f\u00fcr das Verlassen des Lokschuppens keine Gehhilfe mehr ben\u00f6tigt, sondern mit eigener Kraft f\u00e4hrt.<\/p>\n","protected":false},"excerpt":{"rendered":"<p>Das lange Wochenende wurde nat\u00fcrlich intensiv f\u00fcr die weiteren Arbeiten am Triebwagen 227 genutzt. Daher gibt es heute auch einen umfangreicheren \u00dcberblick \u00fcber unsere Aktivit\u00e4ten. Fangen wir mit dem Innenraum an: Die Bestuhlung ist kompett eingebaut und auch die letzten Elemente der Innenverkleidung wurden an ihrem Platz angebracht. Die B\u00f6gen unter der Decke nahmen dabei&hellip;<\/p>\n","protected":false},"author":1,"featured_media":515,"comment_status":"open","ping_status":"open","sticky":false,"template":"","format":"standard","meta":{"footnotes":""},"categories":[7,4],"tags":[],"class_list":["post-520","post","type-post","status-publish","format-standard","has-post-thumbnail","hentry","category-allgemeines","category-werkstatt"],"_links":{"self":[{"href":"http:\/\/tram-werkstatt.de\/index.php?rest_route=\/wp\/v2\/posts\/520","targetHints":{"allow":["GET"]}}],"collection":[{"href":"http:\/\/tram-werkstatt.de\/index.php?rest_route=\/wp\/v2\/posts"}],"about":[{"href":"http:\/\/tram-werkstatt.de\/index.php?rest_route=\/wp\/v2\/types\/post"}],"author":[{"embeddable":true,"href":"http:\/\/tram-werkstatt.de\/index.php?rest_route=\/wp\/v2\/users\/1"}],"replies":[{"embeddable":true,"href":"http:\/\/tram-werkstatt.de\/index.php?rest_route=%2Fwp%2Fv2%2Fcomments&post=520"}],"version-history":[{"count":3,"href":"http:\/\/tram-werkstatt.de\/index.php?rest_route=\/wp\/v2\/posts\/520\/revisions"}],"predecessor-version":[{"id":524,"href":"http:\/\/tram-werkstatt.de\/index.php?rest_route=\/wp\/v2\/posts\/520\/revisions\/524"}],"wp:featuredmedia":[{"embeddable":true,"href":"http:\/\/tram-werkstatt.de\/index.php?rest_route=\/wp\/v2\/media\/515"}],"wp:attachment":[{"href":"http:\/\/tram-werkstatt.de\/index.php?rest_route=%2Fwp%2Fv2%2Fmedia&parent=520"}],"wp:term":[{"taxonomy":"category","embeddable":true,"href":"http:\/\/tram-werkstatt.de\/index.php?rest_route=%2Fwp%2Fv2%2Fcategories&post=520"},{"taxonomy":"post_tag","embeddable":true,"href":"http:\/\/tram-werkstatt.de\/index.php?rest_route=%2Fwp%2Fv2%2Ftags&post=520"}],"curies":[{"name":"wp","href":"https:\/\/api.w.org\/{rel}","templated":true}]}}