{"id":525,"date":"2017-05-09T11:43:55","date_gmt":"2017-05-09T09:43:55","guid":{"rendered":"http:\/\/tram-werkstatt.de\/?p=525"},"modified":"2017-05-09T11:43:55","modified_gmt":"2017-05-09T09:43:55","slug":"aus-den-anfaengen","status":"publish","type":"post","link":"http:\/\/tram-werkstatt.de\/?p=525","title":{"rendered":"Aus den Anf\u00e4ngen"},"content":{"rendered":"<p>Neben den vielen aktuellen Werkstattberichten aus der HSM-Werkstatt wollen wir heute einen Blick auf die Anf\u00e4nge unseres Triebwagen 227 werfen. Im Jahr 1938 beschaffte die \u00dcSTRA einen hochinteressanten Prototypen mit der Nummer 221. Der Wagen mit seiner stromlinienf\u00f6rmiger Gestaltung wies zahlreicher technischer Neuerungen wie elektrisch bedienten T\u00fcren, kn\u00fcppelbedienten Feinstuferfahrschalter, Niederspannungsanlage und \u00d6ldruckbremse auf. Im Jahr 1941 erfolgte dann die Serienlieferung der Firma Cred\u00e9 aus Kassel mit den Wagen 222 bis 226. Die Wagen wurden gegen\u00fcber dem Prototypen in der Au\u00dfengestaltung entfeinert. Statt des kn\u00fcppelbedienten Feinstuferfahrschalter kam der in der \u00dcSTRA-Werkstatt entwickelte Unterflurzentralfahrschalter zum Einsatz. Der letzte Wagen (Triebwagen 226) dieser Serie, geliefert Ende 1941, wurde als Einrichtungswagen gebaut. Im \u00dcSTRA-Nachrichtenblatt 03\/1942 wurde in einem Artikel \u00fcber diesen Wagen und seine Verbesserungen als Einrichungswagen berichtet:<\/p>\n<p><img loading=\"lazy\" decoding=\"async\" class=\"aligncenter size-large wp-image-526\" src=\"http:\/\/tram-werkstatt.de\/wp-content\/uploads\/2017\/05\/NB0342001-698x1024.jpg\" alt=\"\" width=\"698\" height=\"1024\" srcset=\"http:\/\/tram-werkstatt.de\/wp-content\/uploads\/2017\/05\/NB0342001-698x1024.jpg 698w, http:\/\/tram-werkstatt.de\/wp-content\/uploads\/2017\/05\/NB0342001-205x300.jpg 205w, http:\/\/tram-werkstatt.de\/wp-content\/uploads\/2017\/05\/NB0342001-768x1127.jpg 768w\" sizes=\"auto, (max-width: 698px) 100vw, 698px\" \/><\/p>\n<p><img loading=\"lazy\" decoding=\"async\" class=\"aligncenter size-large wp-image-527\" src=\"http:\/\/tram-werkstatt.de\/wp-content\/uploads\/2017\/05\/NB0342002-1024x985.jpg\" alt=\"\" width=\"720\" height=\"693\" srcset=\"http:\/\/tram-werkstatt.de\/wp-content\/uploads\/2017\/05\/NB0342002-1024x985.jpg 1024w, http:\/\/tram-werkstatt.de\/wp-content\/uploads\/2017\/05\/NB0342002-300x289.jpg 300w, http:\/\/tram-werkstatt.de\/wp-content\/uploads\/2017\/05\/NB0342002-768x739.jpg 768w\" sizes=\"auto, (max-width: 720px) 100vw, 720px\" \/><\/p>\n<p>Im Jahr 1943 folgten dann weitere f\u00fcnf Fahrzeuge mit den Nummern 227 bis 231. Geliefert wurden diese Fahrzeuge kriegsbedingt ohne elektrische Ausr\u00fcstung. Die Inbetriebnahme erfolgte dann in der Zeit zwischen Ende 1945 bis 1949. Der Triebwagen 227 wurde als zweiter Wagen nach dem Wagen 230 am 01. Juli 1946 in Betrieb genommen. Aus dieser Zeit existieren auch einige Aufnahmen, die sich im HSM-Archiv befinden. Mr. J. H. Price, Mitglied der britischen Armee und Stra\u00dfenbahnfreund konnte im Jahr 1946 die Arbeiten am Triebwagen 1946 im Bild festhalten:<\/p>\n<p><img loading=\"lazy\" decoding=\"async\" class=\"aligncenter size-large wp-image-528\" src=\"http:\/\/tram-werkstatt.de\/wp-content\/uploads\/2017\/05\/Tw227_1946001-1024x641.jpg\" alt=\"\" width=\"720\" height=\"451\" srcset=\"http:\/\/tram-werkstatt.de\/wp-content\/uploads\/2017\/05\/Tw227_1946001-1024x641.jpg 1024w, http:\/\/tram-werkstatt.de\/wp-content\/uploads\/2017\/05\/Tw227_1946001-300x188.jpg 300w, http:\/\/tram-werkstatt.de\/wp-content\/uploads\/2017\/05\/Tw227_1946001-768x481.jpg 768w\" sizes=\"auto, (max-width: 720px) 100vw, 720px\" \/><\/p>\n<p>Vom Fahrgestell getrennt befindet sich der Triebwagen 227 in Hauptwerkstatt Glocksee.<\/p>\n<p><img loading=\"lazy\" decoding=\"async\" class=\"aligncenter size-large wp-image-529\" src=\"http:\/\/tram-werkstatt.de\/wp-content\/uploads\/2017\/05\/Tw227_1946002-1024x669.jpg\" alt=\"\" width=\"720\" height=\"470\" srcset=\"http:\/\/tram-werkstatt.de\/wp-content\/uploads\/2017\/05\/Tw227_1946002-1024x669.jpg 1024w, http:\/\/tram-werkstatt.de\/wp-content\/uploads\/2017\/05\/Tw227_1946002-300x196.jpg 300w, http:\/\/tram-werkstatt.de\/wp-content\/uploads\/2017\/05\/Tw227_1946002-768x502.jpg 768w\" sizes=\"auto, (max-width: 720px) 100vw, 720px\" \/><\/p>\n<p>Eine weitere Aufnahme von Mr. Price zeigt den Triebwagen 227 auf dem damaligen Betriebshof Gehrden.<\/p>\n<p>Ein Blick in den Innenraum in ein Fahrzeug der Serie 226 bis 231 l\u00e4sst erahnen, welche Bequemlichkeit den Fahrg\u00e4sten geboten wurde. Offene Bauweise ohne Trennw\u00e4nde, gepolsterte Sitze integrierte L\u00fcftungsschlitze im Dachbereich usw.<img loading=\"lazy\" decoding=\"async\" class=\"aligncenter size-large wp-image-530\" src=\"http:\/\/tram-werkstatt.de\/wp-content\/uploads\/2017\/05\/HSM_ARCHIV053-668x1024.jpg\" alt=\"\" width=\"668\" height=\"1024\" srcset=\"http:\/\/tram-werkstatt.de\/wp-content\/uploads\/2017\/05\/HSM_ARCHIV053-668x1024.jpg 668w, http:\/\/tram-werkstatt.de\/wp-content\/uploads\/2017\/05\/HSM_ARCHIV053-196x300.jpg 196w, http:\/\/tram-werkstatt.de\/wp-content\/uploads\/2017\/05\/HSM_ARCHIV053-768x1177.jpg 768w, http:\/\/tram-werkstatt.de\/wp-content\/uploads\/2017\/05\/HSM_ARCHIV053.jpg 1280w\" sizes=\"auto, (max-width: 668px) 100vw, 668px\" \/><\/p>\n<p><img loading=\"lazy\" decoding=\"async\" class=\"aligncenter size-large wp-image-531\" src=\"http:\/\/tram-werkstatt.de\/wp-content\/uploads\/2017\/05\/HSM_ARCHIV054-778x1024.jpg\" alt=\"\" width=\"720\" height=\"948\" srcset=\"http:\/\/tram-werkstatt.de\/wp-content\/uploads\/2017\/05\/HSM_ARCHIV054-778x1024.jpg 778w, http:\/\/tram-werkstatt.de\/wp-content\/uploads\/2017\/05\/HSM_ARCHIV054-228x300.jpg 228w, http:\/\/tram-werkstatt.de\/wp-content\/uploads\/2017\/05\/HSM_ARCHIV054-768x1011.jpg 768w, http:\/\/tram-werkstatt.de\/wp-content\/uploads\/2017\/05\/HSM_ARCHIV054.jpg 1280w\" sizes=\"auto, (max-width: 720px) 100vw, 720px\" \/><\/p>\n<p>Ab dem Jahr 1957 wurde damit begonnen, die Fahrzeuge zu vereinfachen und den anderen \u00dcSTRA-Zweiachsern anpassen. Der Prototyp 221, bereits seit 1948 zum Beiwagen 1221 degradiert, wurde 1958 abgestellt und 1961 verschrottet. Die Wagen 222 bis 225 wurden in den Jahren 1957 bis 1959 den anderen Zweiachsern der \u00dcSTRA angepasst. Die gepolsterten Sitzen wurden gegen harte Durofol-Sitze ausgetauscht. Statt der \u00d6ldruckbremse kam die \u00fcbliche kurbelbediente Handbremse zum Einsatz. Die elektrisch bedienten T\u00fcren wurden auf Handbetrieb umgebaut. Selbst der elektrische Schweibenwischer wurde durch einen Handwischer ersetzt. Kurioserweise wurde der Triebwagen 226 bei diesem Umbau vom Einrichtungswagen zum Zweirichtungswagen umgebaut. Mit dem Umbau auf Einmannbetrieb im Jahr 1971 wurde der Wagen 226 wieder zum Einrichter.<\/p>\n<p><a href=\"http:\/\/tram-werkstatt.de\/wp-content\/uploads\/2017\/05\/TW226019.bmp\"><img loading=\"lazy\" decoding=\"async\" class=\"aligncenter size-full wp-image-532\" src=\"http:\/\/tram-werkstatt.de\/wp-content\/uploads\/2017\/05\/TW226019.bmp\" alt=\"\" width=\"4092\" height=\"2571\" \/><\/a>Hier ein Bild vom Triebwagen 226 aus dem Jahr 1957 kurz vor dem Umbau. Auf dem Bild (Dekker, HSM-Archiv) sind weitere interessante Merkmale sichtbar, wie z. B. die oben und unten verglaste Vordert\u00fcr oder der Winker als Fahrtrichtungsanzeiger.<\/p>\n<p>Auch f\u00fcr unseren Triebwagen 227 stand in den Jahren 1958 bis 1960 die Generalsanierung und Entfeinerung an. Der Wagen blieb aber Einrichter und hatte somit weiter eine Sonderstellung unter den Zweiachsern. Die restlichen Wagen 228 bis 231 wurden nicht mehr umgebaut und alle nach wenigen Einsatzjahren in den Jahren 1958 und 1959 abgestellt und 1965 verschrottet.<\/p>\n<p>&nbsp;<\/p>\n","protected":false},"excerpt":{"rendered":"<p>Neben den vielen aktuellen Werkstattberichten aus der HSM-Werkstatt wollen wir heute einen Blick auf die Anf\u00e4nge unseres Triebwagen 227 werfen. Im Jahr 1938 beschaffte die \u00dcSTRA einen hochinteressanten Prototypen mit der Nummer 221. Der Wagen mit seiner stromlinienf\u00f6rmiger Gestaltung wies zahlreicher technischer Neuerungen wie elektrisch bedienten T\u00fcren, kn\u00fcppelbedienten Feinstuferfahrschalter, Niederspannungsanlage und \u00d6ldruckbremse auf. Im Jahr&hellip;<\/p>\n","protected":false},"author":1,"featured_media":531,"comment_status":"open","ping_status":"open","sticky":false,"template":"","format":"standard","meta":{"footnotes":""},"categories":[5],"tags":[],"class_list":["post-525","post","type-post","status-publish","format-standard","has-post-thumbnail","hentry","category-historisches"],"_links":{"self":[{"href":"http:\/\/tram-werkstatt.de\/index.php?rest_route=\/wp\/v2\/posts\/525","targetHints":{"allow":["GET"]}}],"collection":[{"href":"http:\/\/tram-werkstatt.de\/index.php?rest_route=\/wp\/v2\/posts"}],"about":[{"href":"http:\/\/tram-werkstatt.de\/index.php?rest_route=\/wp\/v2\/types\/post"}],"author":[{"embeddable":true,"href":"http:\/\/tram-werkstatt.de\/index.php?rest_route=\/wp\/v2\/users\/1"}],"replies":[{"embeddable":true,"href":"http:\/\/tram-werkstatt.de\/index.php?rest_route=%2Fwp%2Fv2%2Fcomments&post=525"}],"version-history":[{"count":1,"href":"http:\/\/tram-werkstatt.de\/index.php?rest_route=\/wp\/v2\/posts\/525\/revisions"}],"predecessor-version":[{"id":533,"href":"http:\/\/tram-werkstatt.de\/index.php?rest_route=\/wp\/v2\/posts\/525\/revisions\/533"}],"wp:featuredmedia":[{"embeddable":true,"href":"http:\/\/tram-werkstatt.de\/index.php?rest_route=\/wp\/v2\/media\/531"}],"wp:attachment":[{"href":"http:\/\/tram-werkstatt.de\/index.php?rest_route=%2Fwp%2Fv2%2Fmedia&parent=525"}],"wp:term":[{"taxonomy":"category","embeddable":true,"href":"http:\/\/tram-werkstatt.de\/index.php?rest_route=%2Fwp%2Fv2%2Fcategories&post=525"},{"taxonomy":"post_tag","embeddable":true,"href":"http:\/\/tram-werkstatt.de\/index.php?rest_route=%2Fwp%2Fv2%2Ftags&post=525"}],"curies":[{"name":"wp","href":"https:\/\/api.w.org\/{rel}","templated":true}]}}