{"id":552,"date":"2017-05-25T18:56:06","date_gmt":"2017-05-25T16:56:06","guid":{"rendered":"http:\/\/tram-werkstatt.de\/?p=552"},"modified":"2017-05-25T18:56:24","modified_gmt":"2017-05-25T16:56:24","slug":"wir-machen-uns-schick-fuer-den-grossen-tag","status":"publish","type":"post","link":"http:\/\/tram-werkstatt.de\/?p=552","title":{"rendered":"Wir machen uns schick f\u00fcr den gro\u00dfen Tag"},"content":{"rendered":"<p>Wir geben es zu, wir hatten es von Anfang an vor, dass der Triebwagen 227 bis zum 125-j\u00e4hrigen Jubil\u00e4um der \u00dcSTRA betriebf\u00e4hig ist. Die m\u00f6gliche Teilnahme an der heutigen Fahrzeugparade in der Innenstadt setzte noch einmal Kr\u00e4fte frei. Kurz vor der Parade wurde der Wagen noch ein wenig aufgeh\u00fcbscht.<\/p>\n<p><img loading=\"lazy\" decoding=\"async\" class=\"aligncenter size-large wp-image-553\" src=\"http:\/\/tram-werkstatt.de\/wp-content\/uploads\/2017\/05\/IMG_0519-e1495728938622-768x1024.jpg\" alt=\"\" width=\"720\" height=\"960\" srcset=\"http:\/\/tram-werkstatt.de\/wp-content\/uploads\/2017\/05\/IMG_0519-e1495728938622-768x1024.jpg 768w, http:\/\/tram-werkstatt.de\/wp-content\/uploads\/2017\/05\/IMG_0519-e1495728938622-225x300.jpg 225w\" sizes=\"auto, (max-width: 720px) 100vw, 720px\" \/><\/p>\n<p>In Zusammenarbeit mit dem F\u00f6rderverein Strassenbahn Hannover e. V. wurden die noch fehlenden Au\u00dfenbeschriftungen nachgefertigt. Stephan bringt mit einer gewissen Hingabe die Warnhinweise auf den T\u00fcren an.<\/p>\n<p><img loading=\"lazy\" decoding=\"async\" class=\"aligncenter size-large wp-image-554\" src=\"http:\/\/tram-werkstatt.de\/wp-content\/uploads\/2017\/05\/DSC_3128-1024x678.jpg\" alt=\"\" width=\"720\" height=\"477\" srcset=\"http:\/\/tram-werkstatt.de\/wp-content\/uploads\/2017\/05\/DSC_3128-1024x678.jpg 1024w, http:\/\/tram-werkstatt.de\/wp-content\/uploads\/2017\/05\/DSC_3128-300x199.jpg 300w, http:\/\/tram-werkstatt.de\/wp-content\/uploads\/2017\/05\/DSC_3128-768x509.jpg 768w\" sizes=\"auto, (max-width: 720px) 100vw, 720px\" \/><\/p>\n<p>Das fertige Ergebnis musste nat\u00fcrlich auch noch einmal fotografisch festgehalten werden. Neben den Warnhinweisen auf den T\u00fcren bekam der Wagen noch die Leuchtaufkleber &#8222;Keine Schaffnerbedienung&#8220; und &#8222;Nicht f\u00fcr Barzahler&#8220;. Dazu noch ein wenig Eigenwerbung f\u00fcr das HSM und die originale Beschilderung f\u00fcr die Linie 17. Es ist also alles angerichtet, um sich Hannovers \u00d6ffentlichkeit zu pr\u00e4sentieren.<\/p>\n<p><img loading=\"lazy\" decoding=\"async\" class=\"aligncenter size-large wp-image-555\" src=\"http:\/\/tram-werkstatt.de\/wp-content\/uploads\/2017\/05\/DSC_3149-1024x678.jpg\" alt=\"\" width=\"720\" height=\"477\" srcset=\"http:\/\/tram-werkstatt.de\/wp-content\/uploads\/2017\/05\/DSC_3149-1024x678.jpg 1024w, http:\/\/tram-werkstatt.de\/wp-content\/uploads\/2017\/05\/DSC_3149-300x199.jpg 300w, http:\/\/tram-werkstatt.de\/wp-content\/uploads\/2017\/05\/DSC_3149-768x509.jpg 768w\" sizes=\"auto, (max-width: 720px) 100vw, 720px\" \/><\/p>\n<p>Zur heutigen Fahrzeugparade hie\u00df es: Fr\u00fch Aufstehen! Um kurz vor 7 Uhr wird der Tw 227 im Schlepp vom Tw 178 zum Aegidientorplatz gebracht.<\/p>\n<p><img loading=\"lazy\" decoding=\"async\" class=\"aligncenter size-large wp-image-556\" src=\"http:\/\/tram-werkstatt.de\/wp-content\/uploads\/2017\/05\/DSC_3162A-1024x660.jpg\" alt=\"\" width=\"720\" height=\"464\" srcset=\"http:\/\/tram-werkstatt.de\/wp-content\/uploads\/2017\/05\/DSC_3162A-1024x660.jpg 1024w, http:\/\/tram-werkstatt.de\/wp-content\/uploads\/2017\/05\/DSC_3162A-300x193.jpg 300w, http:\/\/tram-werkstatt.de\/wp-content\/uploads\/2017\/05\/DSC_3162A-768x495.jpg 768w\" sizes=\"auto, (max-width: 720px) 100vw, 720px\" \/><\/p>\n<p>Am Aegi wurde \u00fcber die Kehranlage umgesetzt. Danach erfolgte in der Prinzenstra\u00dfe die Aufstellung f\u00fcr die Parade.<\/p>\n<p><img loading=\"lazy\" decoding=\"async\" class=\"aligncenter size-large wp-image-557\" src=\"http:\/\/tram-werkstatt.de\/wp-content\/uploads\/2017\/05\/DSC_3193-1024x678.jpg\" alt=\"\" width=\"720\" height=\"477\" srcset=\"http:\/\/tram-werkstatt.de\/wp-content\/uploads\/2017\/05\/DSC_3193-1024x678.jpg 1024w, http:\/\/tram-werkstatt.de\/wp-content\/uploads\/2017\/05\/DSC_3193-300x199.jpg 300w, http:\/\/tram-werkstatt.de\/wp-content\/uploads\/2017\/05\/DSC_3193-768x509.jpg 768w\" sizes=\"auto, (max-width: 720px) 100vw, 720px\" \/><\/p>\n<p>In der Prinzenstra\u00dfe an der Haltestelle Thielenplatz hie\u00df es dann warten &#8211; wie man sieht war unser Wagen aber in guter Gesellschaft.<\/p>\n<p><img loading=\"lazy\" decoding=\"async\" class=\"aligncenter size-large wp-image-558\" src=\"http:\/\/tram-werkstatt.de\/wp-content\/uploads\/2017\/05\/DSC_3202-1024x678.jpg\" alt=\"\" width=\"720\" height=\"477\" srcset=\"http:\/\/tram-werkstatt.de\/wp-content\/uploads\/2017\/05\/DSC_3202-1024x678.jpg 1024w, http:\/\/tram-werkstatt.de\/wp-content\/uploads\/2017\/05\/DSC_3202-300x199.jpg 300w, http:\/\/tram-werkstatt.de\/wp-content\/uploads\/2017\/05\/DSC_3202-768x509.jpg 768w\" sizes=\"auto, (max-width: 720px) 100vw, 720px\" \/><\/p>\n<p>Die Wartezeit konnte gut genutzt werden. Die Medien waren zahlreich vertreten und wurden auch auf unseren Triebwagen 227 aufmerksam. JoPe kann nicht nur grillen, sondern auch kompetent dem Team von RTL Rede und Antwort stehen.<\/p>\n<p><img loading=\"lazy\" decoding=\"async\" class=\"aligncenter size-large wp-image-559\" src=\"http:\/\/tram-werkstatt.de\/wp-content\/uploads\/2017\/05\/DSC_3219-1024x678.jpg\" alt=\"\" width=\"720\" height=\"477\" srcset=\"http:\/\/tram-werkstatt.de\/wp-content\/uploads\/2017\/05\/DSC_3219-1024x678.jpg 1024w, http:\/\/tram-werkstatt.de\/wp-content\/uploads\/2017\/05\/DSC_3219-300x199.jpg 300w, http:\/\/tram-werkstatt.de\/wp-content\/uploads\/2017\/05\/DSC_3219-768x509.jpg 768w\" sizes=\"auto, (max-width: 720px) 100vw, 720px\" \/><\/p>\n<p>Kurz nach 10:30 Uhr hatte der Triebwagen 227 dann seinen Auftritt. Aus der Joachimstra\u00dfe bog der Wagen auf den Ernst-August-Platz ein.<\/p>\n<p><img loading=\"lazy\" decoding=\"async\" class=\"aligncenter size-large wp-image-560\" src=\"http:\/\/tram-werkstatt.de\/wp-content\/uploads\/2017\/05\/DSC_3221A-1024x663.jpg\" alt=\"\" width=\"720\" height=\"466\" srcset=\"http:\/\/tram-werkstatt.de\/wp-content\/uploads\/2017\/05\/DSC_3221A-1024x663.jpg 1024w, http:\/\/tram-werkstatt.de\/wp-content\/uploads\/2017\/05\/DSC_3221A-300x194.jpg 300w, http:\/\/tram-werkstatt.de\/wp-content\/uploads\/2017\/05\/DSC_3221A-768x497.jpg 768w\" sizes=\"auto, (max-width: 720px) 100vw, 720px\" \/><\/p>\n<p>Dort umringt von zahlreichen Zuschauern und Fotografen wurde der frisch restaurierte Wagen vorgestellt. Das Interesse an den Jubil\u00e4umsparade war riesig.<\/p>\n<p><img loading=\"lazy\" decoding=\"async\" class=\"aligncenter size-large wp-image-561\" src=\"http:\/\/tram-werkstatt.de\/wp-content\/uploads\/2017\/05\/DSC_3237-1024x678.jpg\" alt=\"\" width=\"720\" height=\"477\" srcset=\"http:\/\/tram-werkstatt.de\/wp-content\/uploads\/2017\/05\/DSC_3237-1024x678.jpg 1024w, http:\/\/tram-werkstatt.de\/wp-content\/uploads\/2017\/05\/DSC_3237-300x199.jpg 300w, http:\/\/tram-werkstatt.de\/wp-content\/uploads\/2017\/05\/DSC_3237-768x509.jpg 768w\" sizes=\"auto, (max-width: 720px) 100vw, 720px\" \/><\/p>\n<p>\u00dcber die Kurt-Schumacher-Stra\u00dfe ging es dann wieder in Richtung Betriebshof Glocksee. An dieser Stelle m\u00f6chten wir uns bei der \u00dcSTRA AG, insbesondere bei der Werkstatt und der Betriebsleitung bedanken, dass dieser Einsatz m\u00f6glich wurde. Und nat\u00fcrlich auch bei den Kollegen vom F\u00f6rderverein f\u00fcr die freundschaftliche Zusammenarbeit und Unterst\u00fctzung, nicht nur in den letzten Wochen. Der gr\u00f6\u00dfte Dank geht aber an die HSM-Aktiven, die in den letzten Wochen und Monaten an dem Projekt gearbeitet haben.<\/p>\n<p>Der Blog wird weiter leben, noch ist das Projekt Tw 227 nicht ganz abgeschlossen.<\/p>\n<p>Wir bedanken uns auch f\u00fcr die zahlreichen positiven Kommentare auf unseren Blog. Und es wird sich auch weiterhin lohnen hier vorbeizuschauen.<\/p>\n<p>&nbsp;<\/p>\n","protected":false},"excerpt":{"rendered":"<p>Wir geben es zu, wir hatten es von Anfang an vor, dass der Triebwagen 227 bis zum 125-j\u00e4hrigen Jubil\u00e4um der \u00dcSTRA betriebf\u00e4hig ist. Die m\u00f6gliche Teilnahme an der heutigen Fahrzeugparade in der Innenstadt setzte noch einmal Kr\u00e4fte frei. Kurz vor der Parade wurde der Wagen noch ein wenig aufgeh\u00fcbscht. In Zusammenarbeit mit dem F\u00f6rderverein Strassenbahn&hellip;<\/p>\n","protected":false},"author":1,"featured_media":559,"comment_status":"open","ping_status":"open","sticky":false,"template":"","format":"standard","meta":{"footnotes":""},"categories":[7,8],"tags":[],"class_list":["post-552","post","type-post","status-publish","format-standard","has-post-thumbnail","hentry","category-allgemeines","category-im-einsatz"],"_links":{"self":[{"href":"http:\/\/tram-werkstatt.de\/index.php?rest_route=\/wp\/v2\/posts\/552","targetHints":{"allow":["GET"]}}],"collection":[{"href":"http:\/\/tram-werkstatt.de\/index.php?rest_route=\/wp\/v2\/posts"}],"about":[{"href":"http:\/\/tram-werkstatt.de\/index.php?rest_route=\/wp\/v2\/types\/post"}],"author":[{"embeddable":true,"href":"http:\/\/tram-werkstatt.de\/index.php?rest_route=\/wp\/v2\/users\/1"}],"replies":[{"embeddable":true,"href":"http:\/\/tram-werkstatt.de\/index.php?rest_route=%2Fwp%2Fv2%2Fcomments&post=552"}],"version-history":[{"count":1,"href":"http:\/\/tram-werkstatt.de\/index.php?rest_route=\/wp\/v2\/posts\/552\/revisions"}],"predecessor-version":[{"id":562,"href":"http:\/\/tram-werkstatt.de\/index.php?rest_route=\/wp\/v2\/posts\/552\/revisions\/562"}],"wp:featuredmedia":[{"embeddable":true,"href":"http:\/\/tram-werkstatt.de\/index.php?rest_route=\/wp\/v2\/media\/559"}],"wp:attachment":[{"href":"http:\/\/tram-werkstatt.de\/index.php?rest_route=%2Fwp%2Fv2%2Fmedia&parent=552"}],"wp:term":[{"taxonomy":"category","embeddable":true,"href":"http:\/\/tram-werkstatt.de\/index.php?rest_route=%2Fwp%2Fv2%2Fcategories&post=552"},{"taxonomy":"post_tag","embeddable":true,"href":"http:\/\/tram-werkstatt.de\/index.php?rest_route=%2Fwp%2Fv2%2Ftags&post=552"}],"curies":[{"name":"wp","href":"https:\/\/api.w.org\/{rel}","templated":true}]}}