{"id":566,"date":"2017-10-20T18:20:00","date_gmt":"2017-10-20T16:20:00","guid":{"rendered":"http:\/\/tram-werkstatt.de\/?p=566"},"modified":"2017-10-22T16:29:10","modified_gmt":"2017-10-22T14:29:10","slug":"wieder-daheim","status":"publish","type":"post","link":"http:\/\/tram-werkstatt.de\/?p=566","title":{"rendered":"Wieder daheim"},"content":{"rendered":"<p>Lange war es ruhig um den Triebwagen 227. Nach der Jubil\u00e4umsveranstaltung bei der \u00dcSTRA blieb der Wagen den Sommer \u00fcber bei den hannoverschen Verkehrsbetrieben. Zuerst in einer Werkstatthalle in der Betriebswerkstatt Glocksee sp\u00e4ter bei den Kollegen vom F\u00f6rderverein in der Museumshalle in D\u00f6hren.<\/p>\n<p><img loading=\"lazy\" decoding=\"async\" class=\"aligncenter size-large wp-image-567\" src=\"http:\/\/tram-werkstatt.de\/wp-content\/uploads\/2017\/10\/DSC_3302A-1024x654.jpg\" alt=\"\" width=\"720\" height=\"460\" srcset=\"http:\/\/tram-werkstatt.de\/wp-content\/uploads\/2017\/10\/DSC_3302A-1024x654.jpg 1024w, http:\/\/tram-werkstatt.de\/wp-content\/uploads\/2017\/10\/DSC_3302A-300x192.jpg 300w, http:\/\/tram-werkstatt.de\/wp-content\/uploads\/2017\/10\/DSC_3302A-768x491.jpg 768w\" sizes=\"auto, (max-width: 720px) 100vw, 720px\" \/><\/p>\n<p>In der n\u00e4chtlichen Betriebspause vom 03. auf den 04. August 2017 fand die \u00dcberf\u00fchrungsfahrt von Glocksee nach D\u00f6hren statt. Hier in der menschenleeren Station Kr\u00f6pcke, im Gefolge die beiden hannoverschen Museumswagen 129 und 178.<\/p>\n<p><img loading=\"lazy\" decoding=\"async\" class=\"aligncenter size-large wp-image-568\" src=\"http:\/\/tram-werkstatt.de\/wp-content\/uploads\/2017\/10\/DSC_3309-1024x678.jpg\" alt=\"\" width=\"720\" height=\"477\" srcset=\"http:\/\/tram-werkstatt.de\/wp-content\/uploads\/2017\/10\/DSC_3309-1024x678.jpg 1024w, http:\/\/tram-werkstatt.de\/wp-content\/uploads\/2017\/10\/DSC_3309-300x199.jpg 300w, http:\/\/tram-werkstatt.de\/wp-content\/uploads\/2017\/10\/DSC_3309-768x509.jpg 768w\" sizes=\"auto, (max-width: 720px) 100vw, 720px\" \/><\/p>\n<p>Ankunft zur n\u00e4chtlichen Stunde auf dem Betriebshof D\u00f6hren.<\/p>\n<p>Gestern fand nun der R\u00fcckfahrt nach Wehmingen statt &#8211; per Tieflader.<\/p>\n<p><img loading=\"lazy\" decoding=\"async\" class=\"aligncenter size-large wp-image-569\" src=\"http:\/\/tram-werkstatt.de\/wp-content\/uploads\/2017\/10\/DSC_3847-1024x678.jpg\" alt=\"\" width=\"720\" height=\"477\" srcset=\"http:\/\/tram-werkstatt.de\/wp-content\/uploads\/2017\/10\/DSC_3847-1024x678.jpg 1024w, http:\/\/tram-werkstatt.de\/wp-content\/uploads\/2017\/10\/DSC_3847-300x199.jpg 300w, http:\/\/tram-werkstatt.de\/wp-content\/uploads\/2017\/10\/DSC_3847-768x509.jpg 768w\" sizes=\"auto, (max-width: 720px) 100vw, 720px\" \/><\/p>\n<p>Mittels Hebeb\u00f6cken wird der Wagen angehoben und ist bereit zur Unterfahrt des Tiefladers.<\/p>\n<p><img loading=\"lazy\" decoding=\"async\" class=\"aligncenter size-large wp-image-570\" src=\"http:\/\/tram-werkstatt.de\/wp-content\/uploads\/2017\/10\/DSC_3851-1024x678.jpg\" alt=\"\" width=\"720\" height=\"477\" srcset=\"http:\/\/tram-werkstatt.de\/wp-content\/uploads\/2017\/10\/DSC_3851-1024x678.jpg 1024w, http:\/\/tram-werkstatt.de\/wp-content\/uploads\/2017\/10\/DSC_3851-300x199.jpg 300w, http:\/\/tram-werkstatt.de\/wp-content\/uploads\/2017\/10\/DSC_3851-768x509.jpg 768w\" sizes=\"auto, (max-width: 720px) 100vw, 720px\" \/><\/p>\n<p>Der LKW steht bereit und der Wagen 227 kann abgesetzt werden.<\/p>\n<p><img loading=\"lazy\" decoding=\"async\" class=\"aligncenter size-large wp-image-571\" src=\"http:\/\/tram-werkstatt.de\/wp-content\/uploads\/2017\/10\/DSC_3858-1024x678.jpg\" alt=\"\" width=\"720\" height=\"477\" srcset=\"http:\/\/tram-werkstatt.de\/wp-content\/uploads\/2017\/10\/DSC_3858-1024x678.jpg 1024w, http:\/\/tram-werkstatt.de\/wp-content\/uploads\/2017\/10\/DSC_3858-300x199.jpg 300w, http:\/\/tram-werkstatt.de\/wp-content\/uploads\/2017\/10\/DSC_3858-768x509.jpg 768w\" sizes=\"auto, (max-width: 720px) 100vw, 720px\" \/><\/p>\n<p>Fertig verpackt und verzurrt steht das Gespann zur Abfahrt nach Wehmingen bereit.<\/p>\n<p><img loading=\"lazy\" decoding=\"async\" class=\"aligncenter size-large wp-image-572\" src=\"http:\/\/tram-werkstatt.de\/wp-content\/uploads\/2017\/10\/DSC_3867-1024x678.jpg\" alt=\"\" width=\"720\" height=\"477\" srcset=\"http:\/\/tram-werkstatt.de\/wp-content\/uploads\/2017\/10\/DSC_3867-1024x678.jpg 1024w, http:\/\/tram-werkstatt.de\/wp-content\/uploads\/2017\/10\/DSC_3867-300x199.jpg 300w, http:\/\/tram-werkstatt.de\/wp-content\/uploads\/2017\/10\/DSC_3867-768x509.jpg 768w\" sizes=\"auto, (max-width: 720px) 100vw, 720px\" \/><\/p>\n<p>Die l\u00e4ndliche Idylle von M\u00fcllingen k\u00fcndigt das nahe Ziel vom Triebwagen 227 an.<\/p>\n<p><img loading=\"lazy\" decoding=\"async\" class=\"aligncenter size-large wp-image-573\" src=\"http:\/\/tram-werkstatt.de\/wp-content\/uploads\/2017\/10\/DSC_3879-1024x678.jpg\" alt=\"\" width=\"720\" height=\"477\" srcset=\"http:\/\/tram-werkstatt.de\/wp-content\/uploads\/2017\/10\/DSC_3879-1024x678.jpg 1024w, http:\/\/tram-werkstatt.de\/wp-content\/uploads\/2017\/10\/DSC_3879-300x199.jpg 300w, http:\/\/tram-werkstatt.de\/wp-content\/uploads\/2017\/10\/DSC_3879-768x509.jpg 768w\" sizes=\"auto, (max-width: 720px) 100vw, 720px\" \/><\/p>\n<p>Im Museum ging es wieder in die H\u00f6he von 85 cm um vom Tieflader entladen zu werden.<\/p>\n<p><img loading=\"lazy\" decoding=\"async\" class=\"aligncenter size-large wp-image-574\" src=\"http:\/\/tram-werkstatt.de\/wp-content\/uploads\/2017\/10\/DSC_3881-1024x678.jpg\" alt=\"\" width=\"720\" height=\"477\" srcset=\"http:\/\/tram-werkstatt.de\/wp-content\/uploads\/2017\/10\/DSC_3881-1024x678.jpg 1024w, http:\/\/tram-werkstatt.de\/wp-content\/uploads\/2017\/10\/DSC_3881-300x199.jpg 300w, http:\/\/tram-werkstatt.de\/wp-content\/uploads\/2017\/10\/DSC_3881-768x509.jpg 768w\" sizes=\"auto, (max-width: 720px) 100vw, 720px\" \/><\/p>\n<p>Fertig, wieder heimischen Boden erreicht. Jetzt geht noch einmal in die Werkstatt um einige Restarbeiten zu erledigen. Wir werden dann auch wieder an dieser Stelle ausf\u00fchrlich berichten.<\/p>\n","protected":false},"excerpt":{"rendered":"<p>Lange war es ruhig um den Triebwagen 227. Nach der Jubil\u00e4umsveranstaltung bei der \u00dcSTRA blieb der Wagen den Sommer \u00fcber bei den hannoverschen Verkehrsbetrieben. Zuerst in einer Werkstatthalle in der Betriebswerkstatt Glocksee sp\u00e4ter bei den Kollegen vom F\u00f6rderverein in der Museumshalle in D\u00f6hren. In der n\u00e4chtlichen Betriebspause vom 03. auf den 04. August 2017 fand&hellip;<\/p>\n","protected":false},"author":1,"featured_media":571,"comment_status":"open","ping_status":"open","sticky":false,"template":"","format":"standard","meta":{"footnotes":""},"categories":[8,4],"tags":[],"class_list":["post-566","post","type-post","status-publish","format-standard","has-post-thumbnail","hentry","category-im-einsatz","category-werkstatt"],"_links":{"self":[{"href":"http:\/\/tram-werkstatt.de\/index.php?rest_route=\/wp\/v2\/posts\/566","targetHints":{"allow":["GET"]}}],"collection":[{"href":"http:\/\/tram-werkstatt.de\/index.php?rest_route=\/wp\/v2\/posts"}],"about":[{"href":"http:\/\/tram-werkstatt.de\/index.php?rest_route=\/wp\/v2\/types\/post"}],"author":[{"embeddable":true,"href":"http:\/\/tram-werkstatt.de\/index.php?rest_route=\/wp\/v2\/users\/1"}],"replies":[{"embeddable":true,"href":"http:\/\/tram-werkstatt.de\/index.php?rest_route=%2Fwp%2Fv2%2Fcomments&post=566"}],"version-history":[{"count":3,"href":"http:\/\/tram-werkstatt.de\/index.php?rest_route=\/wp\/v2\/posts\/566\/revisions"}],"predecessor-version":[{"id":577,"href":"http:\/\/tram-werkstatt.de\/index.php?rest_route=\/wp\/v2\/posts\/566\/revisions\/577"}],"wp:featuredmedia":[{"embeddable":true,"href":"http:\/\/tram-werkstatt.de\/index.php?rest_route=\/wp\/v2\/media\/571"}],"wp:attachment":[{"href":"http:\/\/tram-werkstatt.de\/index.php?rest_route=%2Fwp%2Fv2%2Fmedia&parent=566"}],"wp:term":[{"taxonomy":"category","embeddable":true,"href":"http:\/\/tram-werkstatt.de\/index.php?rest_route=%2Fwp%2Fv2%2Fcategories&post=566"},{"taxonomy":"post_tag","embeddable":true,"href":"http:\/\/tram-werkstatt.de\/index.php?rest_route=%2Fwp%2Fv2%2Ftags&post=566"}],"curies":[{"name":"wp","href":"https:\/\/api.w.org\/{rel}","templated":true}]}}